{"id":3000,"date":"2022-01-12T10:24:13","date_gmt":"2022-01-12T09:24:13","guid":{"rendered":"https:\/\/www.cish.org\/?p=3000"},"modified":"2022-01-12T10:24:14","modified_gmt":"2022-01-12T09:24:14","slug":"sixieme-conference-mondiale-de-la-federation-internationale-pour-lhistoire-publique-ifph-berlin-16-20-aout-2022","status":"publish","type":"post","link":"https:\/\/www.cish.org\/index.php\/fr\/2022\/01\/12\/sixieme-conference-mondiale-de-la-federation-internationale-pour-lhistoire-publique-ifph-berlin-16-20-aout-2022\/","title":{"rendered":"Sixi\u00e8me conf\u00e9rence mondiale de la F\u00e9d\u00e9ration Internationale pour l&#8217;Histoire Publique (IFPH), Berlin 16-20 ao\u00fbt 2022"},"content":{"rendered":"\n<p>En raison de la pand\u00e9mie mondiale, la 6e conf\u00e9rence mondiale de la <strong>F\u00e9d\u00e9ration Internationale pour l&#8217;Histoire Publique<\/strong>, initialement pr\u00e9vue en ao\u00fbt 2020, a d\u00fb \u00eatre report\u00e9e deux fois. Un nouvel<strong> appel \u00e0 contribution<\/strong>s a \u00e9t\u00e9 publi\u00e9.<br>Il n&#8217;y a pas de th\u00e8me de conf\u00e9rence sp\u00e9cifique ni d&#8217;accent mis sur une \u00e9poque historique particuli\u00e8re. Les propositions couvrant un large \u00e9ventail de l&#8217;histoire publique sont les bienvenues, telles que : Pratique de l&#8217;histoire publique et engagement civique, M\u00e9moire, Digital, M\u00e9dias, Performance, Questions professionnelles.<\/p>\n\n\n\n<p>La date finale pour toutes les candidatures est le <strong>31 janvier 2022<\/strong>.\u00a0<\/p>\n\n\n\n<p>Des informations plus compl\u00e8tes et d\u00e9taill\u00e9es sont disponibles \u00e0 l&#8217;adresse suivante: <a href=\"https:\/\/www.ifph2020.berlin\">https:\/\/www.ifph2020.berlin<\/a>.<\/p>\n\n\n\n<p><\/p>\n","protected":false},"excerpt":{"rendered":"<p>En raison de la pand\u00e9mie mondiale, la 6e conf\u00e9rence mondiale de la F\u00e9d\u00e9ration Internationale pour l&#8217;Histoire Publique, initialement pr\u00e9vue en ao\u00fbt 2020, a d\u00fb \u00eatre report\u00e9e deux fois. Un nouvel appel \u00e0 contributions a \u00e9t\u00e9 publi\u00e9.Il n&#8217;y a pas de th\u00e8me de conf\u00e9rence sp\u00e9cifique ni d&#8217;accent mis sur une \u00e9poque historique particuli\u00e8re. Les propositions couvrant [&hellip;]<\/p>\n","protected":false},"author":7,"featured_media":0,"comment_status":"closed","ping_status":"closed","sticky":false,"template":"","format":"standard","meta":{"footnotes":""},"categories":[7,229,87],"tags":[231,224],"class_list":["post-3000","post","type-post","status-publish","format-standard","hentry","category-news","category-appel-a-contributions","category-congres-fr","tag-appel-a-contributions","tag-international-federation-for-public-history"],"_links":{"self":[{"href":"https:\/\/www.cish.org\/index.php\/wp-json\/wp\/v2\/posts\/3000","targetHints":{"allow":["GET"]}}],"collection":[{"href":"https:\/\/www.cish.org\/index.php\/wp-json\/wp\/v2\/posts"}],"about":[{"href":"https:\/\/www.cish.org\/index.php\/wp-json\/wp\/v2\/types\/post"}],"author":[{"embeddable":true,"href":"https:\/\/www.cish.org\/index.php\/wp-json\/wp\/v2\/users\/7"}],"replies":[{"embeddable":true,"href":"https:\/\/www.cish.org\/index.php\/wp-json\/wp\/v2\/comments?post=3000"}],"version-history":[{"count":3,"href":"https:\/\/www.cish.org\/index.php\/wp-json\/wp\/v2\/posts\/3000\/revisions"}],"predecessor-version":[{"id":3003,"href":"https:\/\/www.cish.org\/index.php\/wp-json\/wp\/v2\/posts\/3000\/revisions\/3003"}],"wp:attachment":[{"href":"https:\/\/www.cish.org\/index.php\/wp-json\/wp\/v2\/media?parent=3000"}],"wp:term":[{"taxonomy":"category","embeddable":true,"href":"https:\/\/www.cish.org\/index.php\/wp-json\/wp\/v2\/categories?post=3000"},{"taxonomy":"post_tag","embeddable":true,"href":"https:\/\/www.cish.org\/index.php\/wp-json\/wp\/v2\/tags?post=3000"}],"curies":[{"name":"wp","href":"https:\/\/api.w.org\/{rel}","templated":true}]}}